{"id":954,"date":"2022-06-23T18:59:44","date_gmt":"2022-06-23T16:59:44","guid":{"rendered":"https:\/\/alpim.it\/wp\/?p=954"},"modified":"2022-06-23T18:59:44","modified_gmt":"2022-06-23T16:59:44","slug":"il-nobel-per-la-pace-dei-piu-piccoli-liniziativa-promossa-da-alpim-per-lic-prato-molassana","status":"publish","type":"post","link":"https:\/\/alpim.it\/wp\/2022\/06\/23\/il-nobel-per-la-pace-dei-piu-piccoli-liniziativa-promossa-da-alpim-per-lic-prato-molassana\/","title":{"rendered":"Il Nobel per la Pace dei pi\u00f9 piccoli. L&#8217;iniziativa promossa da Alpim per l&#8217;IC Prato Molassana"},"content":{"rendered":"<p><img loading=\"lazy\" decoding=\"async\" class=\"alignnone  wp-image-957\" src=\"https:\/\/alpim.it\/wp\/wp-content\/uploads\/2022\/06\/Schermata-2022-06-23-alle-18.58.11-300x218.png\" alt=\"\" width=\"621\" height=\"451\" srcset=\"https:\/\/alpim.it\/wp\/wp-content\/uploads\/2022\/06\/Schermata-2022-06-23-alle-18.58.11-300x218.png 621w, https:\/\/alpim.it\/wp\/wp-content\/uploads\/2022\/06\/Schermata-2022-06-23-alle-18.58.11-480x349.png 480w\" sizes=\"(min-width: 0px) and (max-width: 480px) 480px, (min-width: 481px) 621px, 100vw\" \/><\/p>\n<p><strong>L&#8217;iniziativa di Alpim raccontata dal Secolo XIX &#8211; 21 giugno 2022<\/strong><\/p>\n<p>In tempi di guerra c&#8217;\u00e8 bisogno di promuovere la pace. Cos\u00ec gli studenti della prima media sezione c dell&#8217;Istituto comprensivo Prato Molassana, guidato da Mariateresa Vacatello, hanno deciso di istituire un premio Nobel per la pace all&#8217;interno della loro scuola. Con il sostegno di alpini, l&#8217;associazione Ligure per i minori presieduta da Carlo castellano, i ragazzi della scuola hanno dato via al premio che ha coinvolto tutte le classi dell&#8217;Istituto.<\/p>\n<p>&#8220;I ragazzi hanno contattato tutte le classi dei vari plessi del comprensivo e in certi casi lo hanno dovuto fare mentre loro compagni si trovavano in didattica a distanza quindi hanno usato tutti i mezzi a disposizione&#8221;, racconta la dirigente Vacatello.<\/p>\n<p>&#8220;La fine, si \u00e8 deciso di premiare tutti per il lavoro fatto anche se sono state selezionate in particolare due classi che hanno espresso i concetti migliori, la seconda B della primaria Santullo e la quinta A della primaria San Siro. Un premio \u00e8 andato anche ai ragazzi della prima C di Molassana che hanno avuto l&#8217;idea e l&#8217;hanno portata avanti con tanto entusiasmo&#8221;.<\/p>\n<p>&#8220;i piccoli sono pi\u00f9 spontanei e generosi nel compiere gesti di pace; quando si cresce gesti di pace diventano pi\u00f9 rari; noi di classe prima mente ci troviamo un po&#8217; a met\u00e0 strada tra l&#8217;essere ancora piccole diventare come grandi; riconoscere che intorno a me ci sono i bambini ragazzi che compiono gesti di pace mi rende felice&#8221;: Ecco alcune delle considerazioni espresse proprio dei ragazzi della prima c a conclusione del sondaggio svolto tra tutte le classi della scuola.<\/p>\n<p>&#8220;Faccio ridere le maestre quando le vedo gi\u00f9 di morale; incoraggio i miei compagni quando dicono che non ce la faranno; gioco con chi \u00e8 da solo; faccio sorridere mi accompagni quando ne hanno bisogno &#8220;: sono questi i piccoli mesi gesti di pace raccontati dai bambini della scuola, in un anno che, dopo la pandemia, li ha chiamati a fare i conti con la guerra.<\/p>\n<p><a href=\"https:\/\/alpim.it\/wp\/wp-content\/uploads\/2022\/06\/SHARED_FILE.pdf\">Leggi l&#8217;articolo completo a QUESTO LINK<\/a><\/p>\n","protected":false},"excerpt":{"rendered":"<p>&#8220;I ragazzi hanno contattato tutte le classi dei vari plessi del comprensivo e in certi casi lo hanno dovuto fare mentre loro compagni si trovavano in didattica a distanza quindi hanno usato tutti i mezzi a disposizione&#8221;, racconta la dirigente Vacatello<\/p>\n","protected":false},"author":2,"featured_media":957,"comment_status":"closed","ping_status":"closed","sticky":false,"template":"","format":"standard","meta":{"_et_pb_use_builder":"","_et_pb_old_content":"","_et_gb_content_width":"","footnotes":""},"categories":[5],"tags":[21],"class_list":["post-954","post","type-post","status-publish","format-standard","has-post-thumbnail","hentry","category-press","tag-scuola"],"_links":{"self":[{"href":"https:\/\/alpim.it\/wp\/wp-json\/wp\/v2\/posts\/954"}],"collection":[{"href":"https:\/\/alpim.it\/wp\/wp-json\/wp\/v2\/posts"}],"about":[{"href":"https:\/\/alpim.it\/wp\/wp-json\/wp\/v2\/types\/post"}],"author":[{"embeddable":true,"href":"https:\/\/alpim.it\/wp\/wp-json\/wp\/v2\/users\/2"}],"replies":[{"embeddable":true,"href":"https:\/\/alpim.it\/wp\/wp-json\/wp\/v2\/comments?post=954"}],"version-history":[{"count":2,"href":"https:\/\/alpim.it\/wp\/wp-json\/wp\/v2\/posts\/954\/revisions"}],"predecessor-version":[{"id":959,"href":"https:\/\/alpim.it\/wp\/wp-json\/wp\/v2\/posts\/954\/revisions\/959"}],"wp:featuredmedia":[{"embeddable":true,"href":"https:\/\/alpim.it\/wp\/wp-json\/wp\/v2\/media\/957"}],"wp:attachment":[{"href":"https:\/\/alpim.it\/wp\/wp-json\/wp\/v2\/media?parent=954"}],"wp:term":[{"taxonomy":"category","embeddable":true,"href":"https:\/\/alpim.it\/wp\/wp-json\/wp\/v2\/categories?post=954"},{"taxonomy":"post_tag","embeddable":true,"href":"https:\/\/alpim.it\/wp\/wp-json\/wp\/v2\/tags?post=954"}],"curies":[{"name":"wp","href":"https:\/\/api.w.org\/{rel}","templated":true}]}}